{"id":6835,"date":"2025-06-30T09:56:42","date_gmt":"2025-06-30T08:56:42","guid":{"rendered":"https:\/\/sacpro.se\/2025\/06\/30\/tule-tapaamaan-meita-rorcenterdagene-2025-tapahtumassa\/"},"modified":"2025-06-30T09:56:42","modified_gmt":"2025-06-30T08:56:42","slug":"tule-tapaamaan-meita-rorcenterdagene-2025-tapahtumassa","status":"publish","type":"post","link":"https:\/\/sacpro.se\/fi\/2025\/06\/30\/tule-tapaamaan-meita-rorcenterdagene-2025-tapahtumassa\/","title":{"rendered":"Tule tapaamaan meit\u00e4 R\u00f8rcenterdagene 2025 -tapahtumassa!"},"content":{"rendered":"\n<p>Olemme mukana Taastrupissa 18.\u201319. kes\u00e4kuuta R\u00f8rcenterdagene-messuilla \u2013 Tanskan johtavassa kaivamattoman putkistojen saneerauksen tapahtumassa.<\/p>\n\n<p>Esittelemme UVReliningin uraauurtavaa UV-konetta UVXAIR sek\u00e4 Houseliner-j\u00e4rjestelm\u00e4\u00e4 \u2013 t\u00e4ydellist\u00e4 ja sertifioitua ratkaisua putkistojen sukitukseen.<\/p>\n\n<p>Pys\u00e4hdy osastollemme ja koe tulevaisuuden sukitusteknologia l\u00e4helt\u00e4!<\/p>\n\n<p>\ud83d\udccd Osoite: Teknologisk Institut, Gregersensvej 1, 2630 Taastrup, Tanska<\/p>\n","protected":false},"excerpt":{"rendered":"<p>Olemme mukana Taastrupissa 18.\u201319. kes\u00e4kuuta R\u00f8rcenterdagene-messuilla \u2013 Tanskan johtavassa kaivamattoman putkistojen saneerauksen tapahtumassa. Esittelemme UVReliningin uraauurtavaa UV-konetta UVXAIR sek\u00e4 Houseliner-j\u00e4rjestelm\u00e4\u00e4 \u2013 t\u00e4ydellist\u00e4 ja sertifioitua ratkaisua putkistojen sukitukseen. Pys\u00e4hdy osastollemme ja koe tulevaisuuden sukitusteknologia l\u00e4helt\u00e4! \ud83d\udccd Osoite: Teknologisk Institut, Gregersensvej 1,&#8230;<\/p>\n","protected":false},"author":6,"featured_media":6809,"comment_status":"open","ping_status":"open","sticky":false,"template":"","format":"standard","meta":{"_acf_changed":false,"footnotes":""},"categories":[2],"tags":[],"class_list":["post-6835","post","type-post","status-publish","format-standard","has-post-thumbnail","hentry","category-uncategorized-fi"],"acf":[],"yoast_head":"<!-- This site is optimized with the Yoast SEO plugin v27.4 - https:\/\/yoast.com\/product\/yoast-seo-wordpress\/ -->\n<title>Tule tapaamaan meit\u00e4 R\u00f8rcenterdagene 2025 -tapahtumassa! - Sacpro AB<\/title>\n<meta name=\"robots\" content=\"index, follow, max-snippet:-1, max-image-preview:large, max-video-preview:-1\" \/>\n<link rel=\"canonical\" href=\"https:\/\/sacpro.se\/fi\/2025\/06\/30\/tule-tapaamaan-meita-rorcenterdagene-2025-tapahtumassa\/\" \/>\n<meta property=\"og:locale\" content=\"fi_FI\" \/>\n<meta property=\"og:type\" content=\"article\" \/>\n<meta property=\"og:title\" content=\"Tule tapaamaan meit\u00e4 R\u00f8rcenterdagene 2025 -tapahtumassa! - Sacpro AB\" \/>\n<meta property=\"og:description\" content=\"Olemme mukana Taastrupissa 18.\u201319. kes\u00e4kuuta R\u00f8rcenterdagene-messuilla \u2013 Tanskan johtavassa kaivamattoman putkistojen saneerauksen tapahtumassa. Esittelemme UVReliningin uraauurtavaa UV-konetta UVXAIR sek\u00e4 Houseliner-j\u00e4rjestelm\u00e4\u00e4 \u2013 t\u00e4ydellist\u00e4 ja sertifioitua ratkaisua putkistojen sukitukseen. Pys\u00e4hdy osastollemme ja koe tulevaisuuden sukitusteknologia l\u00e4helt\u00e4! \ud83d\udccd Osoite: Teknologisk Institut, Gregersensvej 1,...\" \/>\n<meta property=\"og:url\" content=\"https:\/\/sacpro.se\/fi\/2025\/06\/30\/tule-tapaamaan-meita-rorcenterdagene-2025-tapahtumassa\/\" \/>\n<meta property=\"og:site_name\" content=\"Sacpro AB\" \/>\n<meta property=\"article:published_time\" content=\"2025-06-30T08:56:42+00:00\" \/>\n<meta property=\"og:image\" content=\"https:\/\/sacpro.se\/wp-content\/uploads\/2025\/05\/rordagarnaedited.jpg\" \/>\n\t<meta property=\"og:image:width\" content=\"1280\" \/>\n\t<meta property=\"og:image:height\" content=\"720\" \/>\n\t<meta property=\"og:image:type\" content=\"image\/jpeg\" \/>\n<meta name=\"author\" content=\"Wilhelm K\u00e4llstr\u00f6m\" \/>\n<meta name=\"twitter:card\" content=\"summary_large_image\" \/>\n<meta name=\"twitter:label1\" content=\"Kirjoittanut\" \/>\n\t<meta name=\"twitter:data1\" content=\"Wilhelm K\u00e4llstr\u00f6m\" \/>\n<script type=\"application\/ld+json\" class=\"yoast-schema-graph\">{\"@context\":\"https:\\\/\\\/schema.org\",\"@graph\":[{\"@type\":\"Article\",\"@id\":\"https:\\\/\\\/sacpro.se\\\/fi\\\/2025\\\/06\\\/30\\\/tule-tapaamaan-meita-rorcenterdagene-2025-tapahtumassa\\\/#article\",\"isPartOf\":{\"@id\":\"https:\\\/\\\/sacpro.se\\\/fi\\\/2025\\\/06\\\/30\\\/tule-tapaamaan-meita-rorcenterdagene-2025-tapahtumassa\\\/\"},\"author\":{\"name\":\"Wilhelm K\u00e4llstr\u00f6m\",\"@id\":\"https:\\\/\\\/sacpro.se\\\/#\\\/schema\\\/person\\\/536a2b2ce76a7458c2f5f620c73666ac\"},\"headline\":\"Tule tapaamaan meit\u00e4 R\u00f8rcenterdagene 2025 -tapahtumassa!\",\"datePublished\":\"2025-06-30T08:56:42+00:00\",\"mainEntityOfPage\":{\"@id\":\"https:\\\/\\\/sacpro.se\\\/fi\\\/2025\\\/06\\\/30\\\/tule-tapaamaan-meita-rorcenterdagene-2025-tapahtumassa\\\/\"},\"wordCount\":49,\"commentCount\":0,\"image\":{\"@id\":\"https:\\\/\\\/sacpro.se\\\/fi\\\/2025\\\/06\\\/30\\\/tule-tapaamaan-meita-rorcenterdagene-2025-tapahtumassa\\\/#primaryimage\"},\"thumbnailUrl\":\"https:\\\/\\\/sacpro.se\\\/wp-content\\\/uploads\\\/2025\\\/05\\\/rordagarnaedited.jpg\",\"articleSection\":[\"Uncategorized @fi\"],\"inLanguage\":\"fi\",\"potentialAction\":[{\"@type\":\"CommentAction\",\"name\":\"Comment\",\"target\":[\"https:\\\/\\\/sacpro.se\\\/fi\\\/2025\\\/06\\\/30\\\/tule-tapaamaan-meita-rorcenterdagene-2025-tapahtumassa\\\/#respond\"]}]},{\"@type\":\"WebPage\",\"@id\":\"https:\\\/\\\/sacpro.se\\\/fi\\\/2025\\\/06\\\/30\\\/tule-tapaamaan-meita-rorcenterdagene-2025-tapahtumassa\\\/\",\"url\":\"https:\\\/\\\/sacpro.se\\\/fi\\\/2025\\\/06\\\/30\\\/tule-tapaamaan-meita-rorcenterdagene-2025-tapahtumassa\\\/\",\"name\":\"Tule tapaamaan meit\u00e4 R\u00f8rcenterdagene 2025 -tapahtumassa! - Sacpro AB\",\"isPartOf\":{\"@id\":\"https:\\\/\\\/sacpro.se\\\/#website\"},\"primaryImageOfPage\":{\"@id\":\"https:\\\/\\\/sacpro.se\\\/fi\\\/2025\\\/06\\\/30\\\/tule-tapaamaan-meita-rorcenterdagene-2025-tapahtumassa\\\/#primaryimage\"},\"image\":{\"@id\":\"https:\\\/\\\/sacpro.se\\\/fi\\\/2025\\\/06\\\/30\\\/tule-tapaamaan-meita-rorcenterdagene-2025-tapahtumassa\\\/#primaryimage\"},\"thumbnailUrl\":\"https:\\\/\\\/sacpro.se\\\/wp-content\\\/uploads\\\/2025\\\/05\\\/rordagarnaedited.jpg\",\"datePublished\":\"2025-06-30T08:56:42+00:00\",\"author\":{\"@id\":\"https:\\\/\\\/sacpro.se\\\/#\\\/schema\\\/person\\\/536a2b2ce76a7458c2f5f620c73666ac\"},\"breadcrumb\":{\"@id\":\"https:\\\/\\\/sacpro.se\\\/fi\\\/2025\\\/06\\\/30\\\/tule-tapaamaan-meita-rorcenterdagene-2025-tapahtumassa\\\/#breadcrumb\"},\"inLanguage\":\"fi\",\"potentialAction\":[{\"@type\":\"ReadAction\",\"target\":[\"https:\\\/\\\/sacpro.se\\\/fi\\\/2025\\\/06\\\/30\\\/tule-tapaamaan-meita-rorcenterdagene-2025-tapahtumassa\\\/\"]}]},{\"@type\":\"ImageObject\",\"inLanguage\":\"fi\",\"@id\":\"https:\\\/\\\/sacpro.se\\\/fi\\\/2025\\\/06\\\/30\\\/tule-tapaamaan-meita-rorcenterdagene-2025-tapahtumassa\\\/#primaryimage\",\"url\":\"https:\\\/\\\/sacpro.se\\\/wp-content\\\/uploads\\\/2025\\\/05\\\/rordagarnaedited.jpg\",\"contentUrl\":\"https:\\\/\\\/sacpro.se\\\/wp-content\\\/uploads\\\/2025\\\/05\\\/rordagarnaedited.jpg\",\"width\":1280,\"height\":720},{\"@type\":\"BreadcrumbList\",\"@id\":\"https:\\\/\\\/sacpro.se\\\/fi\\\/2025\\\/06\\\/30\\\/tule-tapaamaan-meita-rorcenterdagene-2025-tapahtumassa\\\/#breadcrumb\",\"itemListElement\":[{\"@type\":\"ListItem\",\"position\":1,\"name\":\"Home\",\"item\":\"https:\\\/\\\/sacpro.se\\\/fi\\\/\"},{\"@type\":\"ListItem\",\"position\":2,\"name\":\"Tule tapaamaan meit\u00e4 R\u00f8rcenterdagene 2025 -tapahtumassa!\"}]},{\"@type\":\"WebSite\",\"@id\":\"https:\\\/\\\/sacpro.se\\\/#website\",\"url\":\"https:\\\/\\\/sacpro.se\\\/\",\"name\":\"Sacpro AB\",\"description\":\"Materials, equipment and training for pipe rehabilitation\",\"potentialAction\":[{\"@type\":\"SearchAction\",\"target\":{\"@type\":\"EntryPoint\",\"urlTemplate\":\"https:\\\/\\\/sacpro.se\\\/?s={search_term_string}\"},\"query-input\":{\"@type\":\"PropertyValueSpecification\",\"valueRequired\":true,\"valueName\":\"search_term_string\"}}],\"inLanguage\":\"fi\"},{\"@type\":\"Person\",\"@id\":\"https:\\\/\\\/sacpro.se\\\/#\\\/schema\\\/person\\\/536a2b2ce76a7458c2f5f620c73666ac\",\"name\":\"Wilhelm K\u00e4llstr\u00f6m\",\"image\":{\"@type\":\"ImageObject\",\"inLanguage\":\"fi\",\"@id\":\"https:\\\/\\\/secure.gravatar.com\\\/avatar\\\/eedd5b2e0de08cf396781eaa801788967e2766173c6b8fb4b4290310bf5ec7c7?s=96&d=mm&r=g\",\"url\":\"https:\\\/\\\/secure.gravatar.com\\\/avatar\\\/eedd5b2e0de08cf396781eaa801788967e2766173c6b8fb4b4290310bf5ec7c7?s=96&d=mm&r=g\",\"contentUrl\":\"https:\\\/\\\/secure.gravatar.com\\\/avatar\\\/eedd5b2e0de08cf396781eaa801788967e2766173c6b8fb4b4290310bf5ec7c7?s=96&d=mm&r=g\",\"caption\":\"Wilhelm K\u00e4llstr\u00f6m\"},\"sameAs\":[\"https:\\\/\\\/sacpro.se\"],\"url\":\"https:\\\/\\\/sacpro.se\\\/fi\\\/author\\\/wilhelm-kallstrom\\\/\"}]}<\/script>\n<!-- \/ Yoast SEO plugin. -->","yoast_head_json":{"title":"Tule tapaamaan meit\u00e4 R\u00f8rcenterdagene 2025 -tapahtumassa! - Sacpro AB","robots":{"index":"index","follow":"follow","max-snippet":"max-snippet:-1","max-image-preview":"max-image-preview:large","max-video-preview":"max-video-preview:-1"},"canonical":"https:\/\/sacpro.se\/fi\/2025\/06\/30\/tule-tapaamaan-meita-rorcenterdagene-2025-tapahtumassa\/","og_locale":"fi_FI","og_type":"article","og_title":"Tule tapaamaan meit\u00e4 R\u00f8rcenterdagene 2025 -tapahtumassa! - Sacpro AB","og_description":"Olemme mukana Taastrupissa 18.\u201319. kes\u00e4kuuta R\u00f8rcenterdagene-messuilla \u2013 Tanskan johtavassa kaivamattoman putkistojen saneerauksen tapahtumassa. Esittelemme UVReliningin uraauurtavaa UV-konetta UVXAIR sek\u00e4 Houseliner-j\u00e4rjestelm\u00e4\u00e4 \u2013 t\u00e4ydellist\u00e4 ja sertifioitua ratkaisua putkistojen sukitukseen. Pys\u00e4hdy osastollemme ja koe tulevaisuuden sukitusteknologia l\u00e4helt\u00e4! \ud83d\udccd Osoite: Teknologisk Institut, Gregersensvej 1,...","og_url":"https:\/\/sacpro.se\/fi\/2025\/06\/30\/tule-tapaamaan-meita-rorcenterdagene-2025-tapahtumassa\/","og_site_name":"Sacpro AB","article_published_time":"2025-06-30T08:56:42+00:00","og_image":[{"width":1280,"height":720,"url":"https:\/\/sacpro.se\/wp-content\/uploads\/2025\/05\/rordagarnaedited.jpg","type":"image\/jpeg"}],"author":"Wilhelm K\u00e4llstr\u00f6m","twitter_card":"summary_large_image","twitter_misc":{"Kirjoittanut":"Wilhelm K\u00e4llstr\u00f6m"},"schema":{"@context":"https:\/\/schema.org","@graph":[{"@type":"Article","@id":"https:\/\/sacpro.se\/fi\/2025\/06\/30\/tule-tapaamaan-meita-rorcenterdagene-2025-tapahtumassa\/#article","isPartOf":{"@id":"https:\/\/sacpro.se\/fi\/2025\/06\/30\/tule-tapaamaan-meita-rorcenterdagene-2025-tapahtumassa\/"},"author":{"name":"Wilhelm K\u00e4llstr\u00f6m","@id":"https:\/\/sacpro.se\/#\/schema\/person\/536a2b2ce76a7458c2f5f620c73666ac"},"headline":"Tule tapaamaan meit\u00e4 R\u00f8rcenterdagene 2025 -tapahtumassa!","datePublished":"2025-06-30T08:56:42+00:00","mainEntityOfPage":{"@id":"https:\/\/sacpro.se\/fi\/2025\/06\/30\/tule-tapaamaan-meita-rorcenterdagene-2025-tapahtumassa\/"},"wordCount":49,"commentCount":0,"image":{"@id":"https:\/\/sacpro.se\/fi\/2025\/06\/30\/tule-tapaamaan-meita-rorcenterdagene-2025-tapahtumassa\/#primaryimage"},"thumbnailUrl":"https:\/\/sacpro.se\/wp-content\/uploads\/2025\/05\/rordagarnaedited.jpg","articleSection":["Uncategorized @fi"],"inLanguage":"fi","potentialAction":[{"@type":"CommentAction","name":"Comment","target":["https:\/\/sacpro.se\/fi\/2025\/06\/30\/tule-tapaamaan-meita-rorcenterdagene-2025-tapahtumassa\/#respond"]}]},{"@type":"WebPage","@id":"https:\/\/sacpro.se\/fi\/2025\/06\/30\/tule-tapaamaan-meita-rorcenterdagene-2025-tapahtumassa\/","url":"https:\/\/sacpro.se\/fi\/2025\/06\/30\/tule-tapaamaan-meita-rorcenterdagene-2025-tapahtumassa\/","name":"Tule tapaamaan meit\u00e4 R\u00f8rcenterdagene 2025 -tapahtumassa! - Sacpro AB","isPartOf":{"@id":"https:\/\/sacpro.se\/#website"},"primaryImageOfPage":{"@id":"https:\/\/sacpro.se\/fi\/2025\/06\/30\/tule-tapaamaan-meita-rorcenterdagene-2025-tapahtumassa\/#primaryimage"},"image":{"@id":"https:\/\/sacpro.se\/fi\/2025\/06\/30\/tule-tapaamaan-meita-rorcenterdagene-2025-tapahtumassa\/#primaryimage"},"thumbnailUrl":"https:\/\/sacpro.se\/wp-content\/uploads\/2025\/05\/rordagarnaedited.jpg","datePublished":"2025-06-30T08:56:42+00:00","author":{"@id":"https:\/\/sacpro.se\/#\/schema\/person\/536a2b2ce76a7458c2f5f620c73666ac"},"breadcrumb":{"@id":"https:\/\/sacpro.se\/fi\/2025\/06\/30\/tule-tapaamaan-meita-rorcenterdagene-2025-tapahtumassa\/#breadcrumb"},"inLanguage":"fi","potentialAction":[{"@type":"ReadAction","target":["https:\/\/sacpro.se\/fi\/2025\/06\/30\/tule-tapaamaan-meita-rorcenterdagene-2025-tapahtumassa\/"]}]},{"@type":"ImageObject","inLanguage":"fi","@id":"https:\/\/sacpro.se\/fi\/2025\/06\/30\/tule-tapaamaan-meita-rorcenterdagene-2025-tapahtumassa\/#primaryimage","url":"https:\/\/sacpro.se\/wp-content\/uploads\/2025\/05\/rordagarnaedited.jpg","contentUrl":"https:\/\/sacpro.se\/wp-content\/uploads\/2025\/05\/rordagarnaedited.jpg","width":1280,"height":720},{"@type":"BreadcrumbList","@id":"https:\/\/sacpro.se\/fi\/2025\/06\/30\/tule-tapaamaan-meita-rorcenterdagene-2025-tapahtumassa\/#breadcrumb","itemListElement":[{"@type":"ListItem","position":1,"name":"Home","item":"https:\/\/sacpro.se\/fi\/"},{"@type":"ListItem","position":2,"name":"Tule tapaamaan meit\u00e4 R\u00f8rcenterdagene 2025 -tapahtumassa!"}]},{"@type":"WebSite","@id":"https:\/\/sacpro.se\/#website","url":"https:\/\/sacpro.se\/","name":"Sacpro AB","description":"Materials, equipment and training for pipe rehabilitation","potentialAction":[{"@type":"SearchAction","target":{"@type":"EntryPoint","urlTemplate":"https:\/\/sacpro.se\/?s={search_term_string}"},"query-input":{"@type":"PropertyValueSpecification","valueRequired":true,"valueName":"search_term_string"}}],"inLanguage":"fi"},{"@type":"Person","@id":"https:\/\/sacpro.se\/#\/schema\/person\/536a2b2ce76a7458c2f5f620c73666ac","name":"Wilhelm K\u00e4llstr\u00f6m","image":{"@type":"ImageObject","inLanguage":"fi","@id":"https:\/\/secure.gravatar.com\/avatar\/eedd5b2e0de08cf396781eaa801788967e2766173c6b8fb4b4290310bf5ec7c7?s=96&d=mm&r=g","url":"https:\/\/secure.gravatar.com\/avatar\/eedd5b2e0de08cf396781eaa801788967e2766173c6b8fb4b4290310bf5ec7c7?s=96&d=mm&r=g","contentUrl":"https:\/\/secure.gravatar.com\/avatar\/eedd5b2e0de08cf396781eaa801788967e2766173c6b8fb4b4290310bf5ec7c7?s=96&d=mm&r=g","caption":"Wilhelm K\u00e4llstr\u00f6m"},"sameAs":["https:\/\/sacpro.se"],"url":"https:\/\/sacpro.se\/fi\/author\/wilhelm-kallstrom\/"}]}},"_links":{"self":[{"href":"https:\/\/sacpro.se\/fi\/wp-json\/wp\/v2\/posts\/6835","targetHints":{"allow":["GET"]}}],"collection":[{"href":"https:\/\/sacpro.se\/fi\/wp-json\/wp\/v2\/posts"}],"about":[{"href":"https:\/\/sacpro.se\/fi\/wp-json\/wp\/v2\/types\/post"}],"author":[{"embeddable":true,"href":"https:\/\/sacpro.se\/fi\/wp-json\/wp\/v2\/users\/6"}],"replies":[{"embeddable":true,"href":"https:\/\/sacpro.se\/fi\/wp-json\/wp\/v2\/comments?post=6835"}],"version-history":[{"count":1,"href":"https:\/\/sacpro.se\/fi\/wp-json\/wp\/v2\/posts\/6835\/revisions"}],"predecessor-version":[{"id":6836,"href":"https:\/\/sacpro.se\/fi\/wp-json\/wp\/v2\/posts\/6835\/revisions\/6836"}],"wp:featuredmedia":[{"embeddable":true,"href":"https:\/\/sacpro.se\/fi\/wp-json\/wp\/v2\/media\/6809"}],"wp:attachment":[{"href":"https:\/\/sacpro.se\/fi\/wp-json\/wp\/v2\/media?parent=6835"}],"wp:term":[{"taxonomy":"category","embeddable":true,"href":"https:\/\/sacpro.se\/fi\/wp-json\/wp\/v2\/categories?post=6835"},{"taxonomy":"post_tag","embeddable":true,"href":"https:\/\/sacpro.se\/fi\/wp-json\/wp\/v2\/tags?post=6835"}],"curies":[{"name":"wp","href":"https:\/\/api.w.org\/{rel}","templated":true}]}}